[{"@context":"https:\/\/schema.org\/","@type":"Article","@id":"https:\/\/www.gracos.cz\/takovou-svatbu-si-budou-prat-vsechny\/#Article","mainEntityOfPage":"https:\/\/www.gracos.cz\/takovou-svatbu-si-budou-prat-vsechny\/","headline":"Takovou svatbu si budou p\u0159\u00e1t v\u0161echny","name":"Takovou svatbu si budou p\u0159\u00e1t v\u0161echny","description":"A\u017e V\u00e1s p\u0159i ob\u0159ad\u011b uvid\u00ed Va\u0161e zn\u00e1m\u00e9, kamar\u00e1dky a nejbli\u017e\u0161\u00ed, nejen\u017ee budou ohromen\u00e9 naprost\u00fdm \u00fa\u017easem, ale na sv\u016fj nast\u00e1vaj\u00edc\u00ed den si nebudou p\u0159\u00e1t nic lep\u0161\u00edho. Jejich snem se stane, aby vypadaly p\u0159esn\u011b jako Vy, a to se v\u0161\u00ed kr\u00e1sou. V\u00e1\u0161 den bude d\u00edky dokonal\u00e9mu od\u011bvu t\u00edm nejkr\u00e1sn\u011bj\u0161\u00edm, nejlep\u0161\u00edm a hlavn\u011b nezapomenuteln\u00fdm. S\u00a0na\u0161\u00edm sal\u00f3nem u\u0161et\u0159\u00edte Kdo&hellip;","datePublished":"2023-12-30","dateModified":"2023-12-30","author":{"@type":"Person","@id":"https:\/\/www.gracos.cz\/author\/#Person","name":"","url":"https:\/\/www.gracos.cz\/author\/","identifier":1,"image":{"@type":"ImageObject","@id":"https:\/\/secure.gravatar.com\/avatar\/91506ed60e31abe586276a3e1420719df081581a820344a28fa2034bb1a2fe22?s=96&d=mm&r=g","url":"https:\/\/secure.gravatar.com\/avatar\/91506ed60e31abe586276a3e1420719df081581a820344a28fa2034bb1a2fe22?s=96&d=mm&r=g","height":96,"width":96}},"publisher":{"@type":"Organization","name":"gracos.cz","logo":{"@type":"ImageObject","@id":"\/logo.png","url":"\/logo.png","width":600,"height":60}},"url":"https:\/\/www.gracos.cz\/takovou-svatbu-si-budou-prat-vsechny\/","wordCount":252,"articleBody":"A\u017e V\u00e1s p\u0159i ob\u0159ad\u011b uvid\u00ed Va\u0161e zn\u00e1m\u00e9, kamar\u00e1dky a nejbli\u017e\u0161\u00ed, nejen\u017ee budou ohromen\u00e9 naprost\u00fdm \u00fa\u017easem, ale na sv\u016fj nast\u00e1vaj\u00edc\u00ed den si nebudou p\u0159\u00e1t nic lep\u0161\u00edho. Jejich snem se stane, aby vypadaly p\u0159esn\u011b jako Vy, a to se v\u0161\u00ed kr\u00e1sou. V\u00e1\u0161 den bude d\u00edky dokonal\u00e9mu od\u011bvu t\u00edm nejkr\u00e1sn\u011bj\u0161\u00edm, nejlep\u0161\u00edm a hlavn\u011b nezapomenuteln\u00fdm.S\u00a0na\u0161\u00edm sal\u00f3nem u\u0161et\u0159\u00edteKdo u\u017e m\u00e1 v\u00a0pam\u011bti sv\u016fj ob\u0159ad t\u00fdkaj\u00edc\u00ed se uzav\u0159en\u00ed man\u017eelstv\u00ed, v\u00ed, \u017ee nejde zrovna o levnou z\u00e1le\u017eitost. Proto je r\u00e1d za jak\u00e9koliv u\u0161et\u0159en\u00e9 finance. Jestli\u017ee m\u00e1te u\u017e vybran\u00e9 sv\u00e9 svatebn\u00ed \u0161atyk\u00a0odkupu, proto\u017ee ve Va\u0161em okol\u00ed se V\u00e1m nenaskytuje mo\u017enost k\u00a0jejich vyp\u016fj\u010den\u00ed, jist\u011b V\u00e1s pot\u011b\u0161\u00ed n\u00e1\u0161 sal\u00f3n. Tento jedine\u010dn\u00fd od\u011bv nab\u00edz\u00ed toti\u017e jak k\u00a0prodeji, tak k\u00a0vyp\u016fj\u010den\u00ed. Vy si vyberete p\u0159esn\u011b ten, kter\u00fd bude odpov\u00eddat Va\u0161emu vkusu a Va\u0161\u00ed postav\u011b. Z\u00e1le\u017e\u00ed tedy jen na V\u00e1s, jestli zvol\u00edte jednoduch\u00fd bez velk\u00fdch p\u0159\u00edkras, honosn\u00fd s\u00a0vle\u010dkou a z\u00e1vojem nebo korzetov\u00fd. R\u00e1di V\u00e1m s\u00a0tou spr\u00e1vnou volbou pom\u016f\u017eeme. A co v\u00edc si p\u0159\u00e1t, ne\u017e m\u00edt na sob\u011b to, o \u010dem jste snila, a to za b\u00e1je\u010dnou cenu, kter\u00e1 se skute\u010dn\u011b vyplat\u00ed.                                                                                                                                                                                                                                                                                                                                                                                                "},{"@context":"https:\/\/schema.org\/","@type":"BreadcrumbList","itemListElement":[{"@type":"ListItem","position":1,"name":"Takovou svatbu si budou p\u0159\u00e1t v\u0161echny","item":"https:\/\/www.gracos.cz\/takovou-svatbu-si-budou-prat-vsechny\/#breadcrumbitem"}]}]