[{"@context":"https:\/\/schema.org\/","@type":"Article","@id":"https:\/\/www.gracos.cz\/potrebujete-vymenit-okna\/#Article","mainEntityOfPage":"https:\/\/www.gracos.cz\/potrebujete-vymenit-okna\/","headline":"Pot\u0159ebujete vym\u011bnit okna?","name":"Pot\u0159ebujete vym\u011bnit okna?","description":"Vlastn\u00edte nemovitost, pot\u0159ebujete vym\u011bnit okna, ale m\u00e1te probl\u00e9m s pam\u00e1tk\u00e1\u0159i? \u0160paletov\u00e1 d\u0159ev\u011bn\u00e1 okna, kter\u00fdmi se py\u0161n\u00ed star\u0161\u00ed objekty, maj\u00ed sv\u00e9 nezam\u011bniteln\u00e9 kouzlo. Je jasn\u00e9, \u017ee v historick\u00fdch \u010dtvrt\u00edch \u010di v pam\u00e1tkov\u00fdch z\u00f3n\u00e1ch pam\u00e1tk\u00e1\u0159i usiluj\u00ed o to, aby nebyl naru\u0161en okoln\u00ed r\u00e1z. \u0158e\u0161en\u00edm je tedy pouze v\u00fdm\u011bna za nov\u00e1 okna d\u0159ev\u011bn\u00e1. D\u0159ev\u011bn\u00e1 okna Pokud se obr\u00e1t\u00edte&hellip;","datePublished":"2025-01-17","dateModified":"2025-01-17","author":{"@type":"Person","@id":"https:\/\/www.gracos.cz\/author\/#Person","name":"","url":"https:\/\/www.gracos.cz\/author\/","identifier":1,"image":{"@type":"ImageObject","@id":"https:\/\/secure.gravatar.com\/avatar\/91506ed60e31abe586276a3e1420719df081581a820344a28fa2034bb1a2fe22?s=96&d=mm&r=g","url":"https:\/\/secure.gravatar.com\/avatar\/91506ed60e31abe586276a3e1420719df081581a820344a28fa2034bb1a2fe22?s=96&d=mm&r=g","height":96,"width":96}},"publisher":{"@type":"Organization","name":"gracos.cz","logo":{"@type":"ImageObject","@id":"\/logo.png","url":"\/logo.png","width":600,"height":60}},"url":"https:\/\/www.gracos.cz\/potrebujete-vymenit-okna\/","wordCount":177,"articleBody":"Vlastn\u00edte nemovitost, pot\u0159ebujete vym\u011bnit okna, ale m\u00e1te probl\u00e9m s pam\u00e1tk\u00e1\u0159i? \u0160paletov\u00e1 d\u0159ev\u011bn\u00e1 okna, kter\u00fdmi se py\u0161n\u00ed star\u0161\u00ed objekty, maj\u00ed sv\u00e9 nezam\u011bniteln\u00e9 kouzlo. Je jasn\u00e9, \u017ee v historick\u00fdch \u010dtvrt\u00edch \u010di v pam\u00e1tkov\u00fdch z\u00f3n\u00e1ch pam\u00e1tk\u00e1\u0159i usiluj\u00ed o to, aby nebyl naru\u0161en okoln\u00ed r\u00e1z. \u0158e\u0161en\u00edm je tedy pouze v\u00fdm\u011bna za nov\u00e1 okna d\u0159ev\u011bn\u00e1. D\u0159ev\u011bn\u00e1 okna Pokud se obr\u00e1t\u00edte na na\u0161i firmu, vyrob\u00edme pro v\u00e1s skv\u011bl\u00e1 d\u0159ev\u011bn\u00e1 okna, kter\u00e9 budou m\u00edt nap\u0159\u00edklad v\u00fdrazn\u011b sn\u00ed\u017eit pronik\u00e1n\u00ed okoln\u00edho hluku. Na rozd\u00edl od tradi\u010dn\u00edch oken mohou b\u00fdt na\u0161e d\u0159ev\u011bn\u00e1 okna toti\u017e osazena speci\u00e1ln\u00edmi akustick\u00fdmi skly, a tak tlumit hluk a\u017e o 100 % \u00fa\u010dinn\u011bji. Vyjd\u011bme spolu pam\u00e1tk\u00e1\u0159\u016fm vst\u0159\u00edc na\u0161imi d\u0159ev\u011bn\u00fdmi okny V\u0161e podstatn\u00e9 najdete na na\u0161ich webov\u00fdch str\u00e1nk\u00e1ch.                                                                                                                                                                                                                                                                                                                                                                                                "},{"@context":"https:\/\/schema.org\/","@type":"BreadcrumbList","itemListElement":[{"@type":"ListItem","position":1,"name":"Pot\u0159ebujete vym\u011bnit okna?","item":"https:\/\/www.gracos.cz\/potrebujete-vymenit-okna\/#breadcrumbitem"}]}]