[{"@context":"https:\/\/schema.org\/","@type":"Article","@id":"https:\/\/www.gracos.cz\/na-sidlisti-ale-komfortne\/#Article","mainEntityOfPage":"https:\/\/www.gracos.cz\/na-sidlisti-ale-komfortne\/","headline":"Na s\u00eddli\u0161ti &#8211; ale komfortn\u011b","name":"Na s\u00eddli\u0161ti &#8211; ale komfortn\u011b","description":"Pokud bydl\u00edte v byt\u011b na s\u00eddli\u0161ti, v \u017e\u00e1dn\u00e9m p\u0159\u00edpad\u011b to neznamen\u00e1, \u017ee mus\u00edte bydlet \u0161patn\u011b. Jde pouze o to, jak sv\u016fj \u017eivot v panel\u00e1ku uchop\u00edte, jak se s n\u00edm poperete. Kdy\u017e n\u011bkdo z\u00edsk\u00e1 obydl\u00ed, je \u00fapln\u011b jedno jak\u00e9, mus\u00ed v\u017edy pe\u010dliv\u011b zv\u00e1\u017eit, zda se s n\u00edm spokoj\u00ed v jeho st\u00e1vaj\u00edc\u00edm stavu, nebo se rozhodne pro&hellip;","datePublished":"2023-05-26","dateModified":"2024-06-04","author":{"@type":"Person","@id":"https:\/\/www.gracos.cz\/author\/#Person","name":"","url":"https:\/\/www.gracos.cz\/author\/","identifier":1,"image":{"@type":"ImageObject","@id":"https:\/\/secure.gravatar.com\/avatar\/91506ed60e31abe586276a3e1420719df081581a820344a28fa2034bb1a2fe22?s=96&d=mm&r=g","url":"https:\/\/secure.gravatar.com\/avatar\/91506ed60e31abe586276a3e1420719df081581a820344a28fa2034bb1a2fe22?s=96&d=mm&r=g","height":96,"width":96}},"publisher":{"@type":"Organization","name":"gracos.cz","logo":{"@type":"ImageObject","@id":"\/logo.png","url":"\/logo.png","width":600,"height":60}},"url":"https:\/\/www.gracos.cz\/na-sidlisti-ale-komfortne\/","wordCount":239,"articleBody":"Pokud bydl\u00edte v byt\u011b na s\u00eddli\u0161ti, v \u017e\u00e1dn\u00e9m p\u0159\u00edpad\u011b to neznamen\u00e1, \u017ee mus\u00edte bydlet \u0161patn\u011b. Jde pouze o to, jak sv\u016fj \u017eivot v panel\u00e1ku uchop\u00edte, jak se s n\u00edm poperete. Kdy\u017e n\u011bkdo z\u00edsk\u00e1 obydl\u00ed, je \u00fapln\u011b jedno jak\u00e9, mus\u00ed v\u017edy pe\u010dliv\u011b zv\u00e1\u017eit, zda se s n\u00edm spokoj\u00ed v jeho st\u00e1vaj\u00edc\u00edm stavu, nebo se rozhodne pro \u010d\u00e1ste\u010dnou \u010di dokonce radik\u00e1ln\u00ed zm\u011bnu. Rozhodn\u011b by se v\u0161ak do n\u00ed nem\u011bl pou\u0161t\u011bt bezhlav\u011b, bez n\u00e1le\u017eit\u00e9 konzultace s odborn\u00edkem.\tV\u00e1\u017en\u011b zde nep\u016fsob\u00edme pro horn\u00edch deset tis\u00edcPokud tedy hodl\u00e1te \u0159e\u0161it sv\u00e9 bydlen\u00ed n\u011bkde v okol\u00ed Pardubic \u010di p\u0159\u00edmo v tomto n\u00e1dhern\u00e9m m\u011bst\u011b, pak se pro konzultaci obra\u0165te se na projek\u010dn\u00ed kancel\u00e1\u0159 BUDINA DESIGN a nechejte si vypracovat grafick\u00fd n\u00e1vrh budouc\u00edho interi\u00e9ru, p\u0159\u00edpadn\u011b se rozhodn\u011bte pro komplexn\u00ed zaji\u0161t\u011bn\u00ed projektu. To znamen\u00e1, \u017ee bytov\u00fd architekt Pardubice v\u00e1m zajist\u00ed naprosto komplexn\u00ed p\u0159\u00edstup od zhotoven\u00ed projektov\u00e9 dokumentace a\u017e po vlastn\u00ed realizaci na kl\u00ed\u010d. Ob\u00e1v\u00e1te se, \u017ee cel\u00e1 z\u00e1le\u017eitost pro v\u00e1s bude finan\u010dn\u011b ne\u00fanosn\u00e1? Nemus\u00edte! Jde n\u00e1m o to, oslovit a vyhov\u011bt p\u0159\u00e1n\u00edm z\u00e1kazn\u00edk\u016fm s obvykl\u00fdmi finan\u010dn\u00edmi prost\u0159edky.                                                                                                                                                                                                                                                                                                                                                                                                "},{"@context":"https:\/\/schema.org\/","@type":"BreadcrumbList","itemListElement":[{"@type":"ListItem","position":1,"name":"Na s\u00eddli\u0161ti &#8211; ale komfortn\u011b","item":"https:\/\/www.gracos.cz\/na-sidlisti-ale-komfortne\/#breadcrumbitem"}]}]